{"id":887,"date":"2019-12-03T22:00:00","date_gmt":"2019-12-03T22:00:00","guid":{"rendered":"http:\/\/lichtplanung-plus.de\/?p=887"},"modified":"2019-12-03T20:55:27","modified_gmt":"2019-12-03T20:55:27","slug":"feierlicher-rahmen-fuer-adventskonzert-in-hallstadt","status":"publish","type":"post","link":"https:\/\/lichtplanung-plus.de\/?p=887","title":{"rendered":"Feierlicher Rahmen f\u00fcr Adventskonzert in Hallstadt"},"content":{"rendered":"\n<figure class=\"wp-block-image size-large\"><img loading=\"lazy\" decoding=\"async\" width=\"473\" height=\"1024\" src=\"https:\/\/lichtplanung-plus.de\/wp-content\/uploads\/2019\/12\/20191202_214247-473x1024.jpg\" alt=\"\" class=\"wp-image-889\" srcset=\"https:\/\/lichtplanung-plus.de\/wp-content\/uploads\/2019\/12\/20191202_214247-473x1024.jpg 473w, https:\/\/lichtplanung-plus.de\/wp-content\/uploads\/2019\/12\/20191202_214247-139x300.jpg 139w, https:\/\/lichtplanung-plus.de\/wp-content\/uploads\/2019\/12\/20191202_214247-768x1663.jpg 768w, https:\/\/lichtplanung-plus.de\/wp-content\/uploads\/2019\/12\/20191202_214247-709x1536.jpg 709w, https:\/\/lichtplanung-plus.de\/wp-content\/uploads\/2019\/12\/20191202_214247-946x2048.jpg 946w, https:\/\/lichtplanung-plus.de\/wp-content\/uploads\/2019\/12\/20191202_214247-scaled.jpg 1182w\" sizes=\"auto, (max-width: 473px) 100vw, 473px\" \/><\/figure>\n\n\n\n<p>Am Sonntag den 08.12.2019 findet um 17:00 Uhr in der Kirche Sankt Killian das  Adventskonzert des Musikvereins Hallstadt statt. F\u00fcr dieses Konzert haben wir die Kirche in ein neues Licht getaucht.  Wir  w\u00fcnschen allen f\u00fcr diesen Abend viel Freude und ein Erleben des Kirchenraumes im neuen Licht.<\/p>\n\n\n\n<p><\/p>\n\n\n\n<figure class=\"wp-block-gallery columns-3 is-cropped wp-block-gallery-1 is-layout-flex wp-block-gallery-is-layout-flex\"><ul class=\"blocks-gallery-grid\"><li class=\"blocks-gallery-item\"><figure><img loading=\"lazy\" decoding=\"async\" width=\"473\" height=\"1024\" src=\"https:\/\/lichtplanung-plus.de\/wp-content\/uploads\/2019\/12\/20191202_214247-473x1024.jpg\" alt=\"\" data-id=\"889\" data-full-url=\"https:\/\/lichtplanung-plus.de\/wp-content\/uploads\/2019\/12\/20191202_214247-scaled.jpg\" data-link=\"https:\/\/lichtplanung-plus.de\/?attachment_id=889\" class=\"wp-image-889\" srcset=\"https:\/\/lichtplanung-plus.de\/wp-content\/uploads\/2019\/12\/20191202_214247-473x1024.jpg 473w, https:\/\/lichtplanung-plus.de\/wp-content\/uploads\/2019\/12\/20191202_214247-139x300.jpg 139w, https:\/\/lichtplanung-plus.de\/wp-content\/uploads\/2019\/12\/20191202_214247-768x1663.jpg 768w, https:\/\/lichtplanung-plus.de\/wp-content\/uploads\/2019\/12\/20191202_214247-709x1536.jpg 709w, https:\/\/lichtplanung-plus.de\/wp-content\/uploads\/2019\/12\/20191202_214247-946x2048.jpg 946w, https:\/\/lichtplanung-plus.de\/wp-content\/uploads\/2019\/12\/20191202_214247-scaled.jpg 1182w\" sizes=\"auto, (max-width: 473px) 100vw, 473px\" \/><\/figure><\/li><li class=\"blocks-gallery-item\"><figure><img loading=\"lazy\" decoding=\"async\" width=\"1024\" height=\"473\" src=\"https:\/\/lichtplanung-plus.de\/wp-content\/uploads\/2019\/12\/20191202_214353-1024x473.jpg\" alt=\"\" data-id=\"896\" data-full-url=\"https:\/\/lichtplanung-plus.de\/wp-content\/uploads\/2019\/12\/20191202_214353.jpg\" data-link=\"https:\/\/lichtplanung-plus.de\/?attachment_id=896\" class=\"wp-image-896\" srcset=\"https:\/\/lichtplanung-plus.de\/wp-content\/uploads\/2019\/12\/20191202_214353-1024x473.jpg 1024w, https:\/\/lichtplanung-plus.de\/wp-content\/uploads\/2019\/12\/20191202_214353-300x139.jpg 300w, https:\/\/lichtplanung-plus.de\/wp-content\/uploads\/2019\/12\/20191202_214353-768x355.jpg 768w, https:\/\/lichtplanung-plus.de\/wp-content\/uploads\/2019\/12\/20191202_214353.jpg 1299w\" sizes=\"auto, (max-width: 767px) 89vw, (max-width: 1000px) 54vw, (max-width: 1071px) 543px, 580px\" \/><\/figure><\/li><li class=\"blocks-gallery-item\"><figure><img loading=\"lazy\" decoding=\"async\" width=\"1024\" height=\"473\" src=\"https:\/\/lichtplanung-plus.de\/wp-content\/uploads\/2019\/12\/20191202_211252-1024x473.jpg\" alt=\"\" data-id=\"891\" data-full-url=\"https:\/\/lichtplanung-plus.de\/wp-content\/uploads\/2019\/12\/20191202_211252.jpg\" data-link=\"https:\/\/lichtplanung-plus.de\/?attachment_id=891\" class=\"wp-image-891\" srcset=\"https:\/\/lichtplanung-plus.de\/wp-content\/uploads\/2019\/12\/20191202_211252-1024x473.jpg 1024w, https:\/\/lichtplanung-plus.de\/wp-content\/uploads\/2019\/12\/20191202_211252-300x139.jpg 300w, https:\/\/lichtplanung-plus.de\/wp-content\/uploads\/2019\/12\/20191202_211252-768x355.jpg 768w, https:\/\/lichtplanung-plus.de\/wp-content\/uploads\/2019\/12\/20191202_211252.jpg 1299w\" sizes=\"auto, (max-width: 767px) 89vw, (max-width: 1000px) 54vw, (max-width: 1071px) 543px, 580px\" \/><\/figure><\/li><li class=\"blocks-gallery-item\"><figure><img loading=\"lazy\" decoding=\"async\" width=\"1024\" height=\"473\" src=\"https:\/\/lichtplanung-plus.de\/wp-content\/uploads\/2019\/12\/20191202_214225-1024x473.jpg\" alt=\"\" data-id=\"892\" data-full-url=\"https:\/\/lichtplanung-plus.de\/wp-content\/uploads\/2019\/12\/20191202_214225.jpg\" data-link=\"https:\/\/lichtplanung-plus.de\/?attachment_id=892\" class=\"wp-image-892\" srcset=\"https:\/\/lichtplanung-plus.de\/wp-content\/uploads\/2019\/12\/20191202_214225-1024x473.jpg 1024w, https:\/\/lichtplanung-plus.de\/wp-content\/uploads\/2019\/12\/20191202_214225-300x139.jpg 300w, https:\/\/lichtplanung-plus.de\/wp-content\/uploads\/2019\/12\/20191202_214225-768x355.jpg 768w, https:\/\/lichtplanung-plus.de\/wp-content\/uploads\/2019\/12\/20191202_214225.jpg 1299w\" sizes=\"auto, (max-width: 767px) 89vw, (max-width: 1000px) 54vw, (max-width: 1071px) 543px, 580px\" \/><\/figure><\/li><li class=\"blocks-gallery-item\"><figure><img loading=\"lazy\" decoding=\"async\" width=\"473\" height=\"1024\" src=\"https:\/\/lichtplanung-plus.de\/wp-content\/uploads\/2019\/12\/20191202_214247-1-473x1024.jpg\" alt=\"\" data-id=\"893\" data-full-url=\"https:\/\/lichtplanung-plus.de\/wp-content\/uploads\/2019\/12\/20191202_214247-1-rotated.jpg\" data-link=\"https:\/\/lichtplanung-plus.de\/?attachment_id=893\" class=\"wp-image-893\" srcset=\"https:\/\/lichtplanung-plus.de\/wp-content\/uploads\/2019\/12\/20191202_214247-1-473x1024.jpg 473w, https:\/\/lichtplanung-plus.de\/wp-content\/uploads\/2019\/12\/20191202_214247-1-139x300.jpg 139w, https:\/\/lichtplanung-plus.de\/wp-content\/uploads\/2019\/12\/20191202_214247-1-rotated.jpg 600w\" sizes=\"auto, (max-width: 473px) 100vw, 473px\" \/><\/figure><\/li><li class=\"blocks-gallery-item\"><figure><img loading=\"lazy\" decoding=\"async\" width=\"473\" height=\"1024\" src=\"https:\/\/lichtplanung-plus.de\/wp-content\/uploads\/2019\/12\/20191202_214336-473x1024.jpg\" alt=\"\" data-id=\"894\" data-full-url=\"https:\/\/lichtplanung-plus.de\/wp-content\/uploads\/2019\/12\/20191202_214336-rotated.jpg\" data-link=\"https:\/\/lichtplanung-plus.de\/?attachment_id=894\" class=\"wp-image-894\" srcset=\"https:\/\/lichtplanung-plus.de\/wp-content\/uploads\/2019\/12\/20191202_214336-473x1024.jpg 473w, https:\/\/lichtplanung-plus.de\/wp-content\/uploads\/2019\/12\/20191202_214336-139x300.jpg 139w, https:\/\/lichtplanung-plus.de\/wp-content\/uploads\/2019\/12\/20191202_214336-rotated.jpg 600w\" sizes=\"auto, (max-width: 473px) 100vw, 473px\" \/><\/figure><\/li><li class=\"blocks-gallery-item\"><figure><img loading=\"lazy\" decoding=\"async\" width=\"473\" height=\"1024\" src=\"https:\/\/lichtplanung-plus.de\/wp-content\/uploads\/2019\/12\/20191202_214348-473x1024.jpg\" alt=\"\" data-id=\"895\" data-full-url=\"https:\/\/lichtplanung-plus.de\/wp-content\/uploads\/2019\/12\/20191202_214348-rotated.jpg\" data-link=\"https:\/\/lichtplanung-plus.de\/?attachment_id=895\" class=\"wp-image-895\" srcset=\"https:\/\/lichtplanung-plus.de\/wp-content\/uploads\/2019\/12\/20191202_214348-473x1024.jpg 473w, https:\/\/lichtplanung-plus.de\/wp-content\/uploads\/2019\/12\/20191202_214348-139x300.jpg 139w, https:\/\/lichtplanung-plus.de\/wp-content\/uploads\/2019\/12\/20191202_214348-rotated.jpg 600w\" sizes=\"auto, (max-width: 473px) 100vw, 473px\" \/><\/figure><\/li><\/ul><\/figure>\n\n\n\n<p>#beleuchtungskonzept #beleuchtungsideen #beleuchtungsplanung #licht #lightart #lightartist #lightdesign #lightartwork #lichtplanung #lichtkonzepte #innenraum #sakralbau #hallstadt #sanktkilian #musikverein #musikvereinhallstadt #kronach #kirche #markusstirn #beleuchtung #konzert #adventskonzert #weihnachten #xmas <\/p>\n","protected":false},"excerpt":{"rendered":"<p>Am Sonntag den 08.12.2019 findet um 17:00 Uhr in der Kirche Sankt Killian das Adventskonzert des Musikvereins Hallstadt statt. F\u00fcr dieses Konzert haben wir die Kirche in ein neues Licht getaucht. Wir w\u00fcnschen allen f\u00fcr diesen Abend viel Freude und ein Erleben des Kirchenraumes im neuen Licht. #beleuchtungskonzept #beleuchtungsideen #beleuchtungsplanung #licht #lightart #lightartist #lightdesign #lightartwork &hellip; <\/p>\n<p class=\"link-more\"><a href=\"https:\/\/lichtplanung-plus.de\/?p=887\" class=\"more-link\"><span class=\"screen-reader-text\">\u201eFeierlicher Rahmen f\u00fcr Adventskonzert in Hallstadt\u201c<\/span> weiterlesen<\/a><\/p>\n","protected":false},"author":1,"featured_media":893,"comment_status":"open","ping_status":"open","sticky":false,"template":"","format":"standard","meta":{"footnotes":""},"categories":[1],"tags":[100,94,101,98,99,8,32,12,2,10,11],"class_list":["post-887","post","type-post","status-publish","format-standard","has-post-thumbnail","hentry","category-uncategorized","tag-adventskonzert","tag-beleuchtung","tag-feierlicher-rahmen","tag-hallstadt","tag-kirche","tag-licht","tag-lichtdesign","tag-lichtkunst","tag-lichtplanung","tag-lighting-design","tag-oeffentlicher-raum"],"_links":{"self":[{"href":"https:\/\/lichtplanung-plus.de\/index.php?rest_route=\/wp\/v2\/posts\/887","targetHints":{"allow":["GET"]}}],"collection":[{"href":"https:\/\/lichtplanung-plus.de\/index.php?rest_route=\/wp\/v2\/posts"}],"about":[{"href":"https:\/\/lichtplanung-plus.de\/index.php?rest_route=\/wp\/v2\/types\/post"}],"author":[{"embeddable":true,"href":"https:\/\/lichtplanung-plus.de\/index.php?rest_route=\/wp\/v2\/users\/1"}],"replies":[{"embeddable":true,"href":"https:\/\/lichtplanung-plus.de\/index.php?rest_route=%2Fwp%2Fv2%2Fcomments&post=887"}],"version-history":[{"count":1,"href":"https:\/\/lichtplanung-plus.de\/index.php?rest_route=\/wp\/v2\/posts\/887\/revisions"}],"predecessor-version":[{"id":897,"href":"https:\/\/lichtplanung-plus.de\/index.php?rest_route=\/wp\/v2\/posts\/887\/revisions\/897"}],"wp:featuredmedia":[{"embeddable":true,"href":"https:\/\/lichtplanung-plus.de\/index.php?rest_route=\/wp\/v2\/media\/893"}],"wp:attachment":[{"href":"https:\/\/lichtplanung-plus.de\/index.php?rest_route=%2Fwp%2Fv2%2Fmedia&parent=887"}],"wp:term":[{"taxonomy":"category","embeddable":true,"href":"https:\/\/lichtplanung-plus.de\/index.php?rest_route=%2Fwp%2Fv2%2Fcategories&post=887"},{"taxonomy":"post_tag","embeddable":true,"href":"https:\/\/lichtplanung-plus.de\/index.php?rest_route=%2Fwp%2Fv2%2Ftags&post=887"}],"curies":[{"name":"wp","href":"https:\/\/api.w.org\/{rel}","templated":true}]}}