{"id":692,"date":"2019-05-31T08:41:11","date_gmt":"2019-05-31T08:41:11","guid":{"rendered":"http:\/\/lichtplanung-plus.de\/?p=692"},"modified":"2019-05-31T08:41:18","modified_gmt":"2019-05-31T08:41:18","slug":"projekt-30-jahre-mauer-fall","status":"publish","type":"post","link":"https:\/\/lichtplanung-plus.de\/?p=692","title":{"rendered":"Projekt 30 Jahre Mauer\/Fall"},"content":{"rendered":"\n<figure class=\"wp-block-video\"><\/figure>\n\n\n\n<p><a href=\"https:\/\/youtu.be\/lRVykyGDDDs\"><strong>Hier gehts zum Video <\/strong><\/a><\/p>\n\n\n\n<p><\/p>\n\n\n\n<p>30 Jahre ist der Mauerfall jetzt her und langsam scheint in Vergessenheit zu geraten, wie massiv sich die Grenze auf das Leben der Menschen hier ausgewirkt hat. Kronach war Grenzgebiet! F\u00fcr fast 30 Jahre hie\u00df das z.B. Wanderungen mit Blick auf bewaffnete Soldaten und mit mahnenden Worten der Eltern: &#8222;Bleib auf dem Weg, die da dr\u00fcben schie\u00dfen sonst!&#8220; Und es hie\u00df: Jede l\u00e4ngere Fahrt ging erst einmal nach S\u00fcden, ob in die Gro\u00dfstadt oder in den Urlaub. Aber fahren durften wir &#8230; im Gegensatz zu &#8222;denen da dr\u00fcben&#8220;. Die Videoinstallation mit marschierenden NVA-Soldaten erinnert an den Mauerfall und 30 Jahre vor- und nachher. Filmmaterial stellte das Deutsch-Deutsche Museum M\u00f6dlareuth zur Verf\u00fcgung, dessen Besuch sich empfiehlt: Selten wird Geschichte so eindr\u00fccklich beleuchtet.<\/p>\n\n\n\n<p>Idee und\nUmsetzung: Klaus Metzler &amp; Markus Stirn<\/p>\n\n\n\n<p>Videoproduktion\/Drehbuch:\nKlaus Metzler, unterst\u00fctzt durch Filmmaterial des Deutsch-Deutschen Museums M\u00f6dlareuth<\/p>\n","protected":false},"excerpt":{"rendered":"<p>Hier gehts zum Video 30 Jahre ist der Mauerfall jetzt her und langsam scheint in Vergessenheit zu geraten, wie massiv sich die Grenze auf das Leben der Menschen hier ausgewirkt hat. Kronach war Grenzgebiet! F\u00fcr fast 30 Jahre hie\u00df das z.B. Wanderungen mit Blick auf bewaffnete Soldaten und mit mahnenden Worten der Eltern: &#8222;Bleib auf &hellip; <\/p>\n<p class=\"link-more\"><a href=\"https:\/\/lichtplanung-plus.de\/?p=692\" class=\"more-link\"><span class=\"screen-reader-text\">\u201eProjekt 30 Jahre Mauer\/Fall\u201c<\/span> weiterlesen<\/a><\/p>\n","protected":false},"author":1,"featured_media":694,"comment_status":"open","ping_status":"open","sticky":false,"template":"","format":"standard","meta":{"footnotes":""},"categories":[1],"tags":[58,60,69,66,65,64,68,63,59,71,70,73,72,67],"class_list":["post-692","post","type-post","status-publish","format-standard","has-post-thumbnail","hentry","category-uncategorized","tag-30-jahre-mauerfall","tag-berlin","tag-berliner-mauer","tag-bundesrepublik-deutschland","tag-ddr","tag-deutschen-demokratischen-republik","tag-eisernen-vorhang","tag-innerdeutschen-grenze","tag-mauer","tag-niemand-hat-die-absicht-eine-mauer-zu-errichten","tag-sperrgebiete","tag-tear-down-this-wall","tag-ter-down-te-wall","tag-westsektoren"],"_links":{"self":[{"href":"https:\/\/lichtplanung-plus.de\/index.php?rest_route=\/wp\/v2\/posts\/692","targetHints":{"allow":["GET"]}}],"collection":[{"href":"https:\/\/lichtplanung-plus.de\/index.php?rest_route=\/wp\/v2\/posts"}],"about":[{"href":"https:\/\/lichtplanung-plus.de\/index.php?rest_route=\/wp\/v2\/types\/post"}],"author":[{"embeddable":true,"href":"https:\/\/lichtplanung-plus.de\/index.php?rest_route=\/wp\/v2\/users\/1"}],"replies":[{"embeddable":true,"href":"https:\/\/lichtplanung-plus.de\/index.php?rest_route=%2Fwp%2Fv2%2Fcomments&post=692"}],"version-history":[{"count":5,"href":"https:\/\/lichtplanung-plus.de\/index.php?rest_route=\/wp\/v2\/posts\/692\/revisions"}],"predecessor-version":[{"id":698,"href":"https:\/\/lichtplanung-plus.de\/index.php?rest_route=\/wp\/v2\/posts\/692\/revisions\/698"}],"wp:featuredmedia":[{"embeddable":true,"href":"https:\/\/lichtplanung-plus.de\/index.php?rest_route=\/wp\/v2\/media\/694"}],"wp:attachment":[{"href":"https:\/\/lichtplanung-plus.de\/index.php?rest_route=%2Fwp%2Fv2%2Fmedia&parent=692"}],"wp:term":[{"taxonomy":"category","embeddable":true,"href":"https:\/\/lichtplanung-plus.de\/index.php?rest_route=%2Fwp%2Fv2%2Fcategories&post=692"},{"taxonomy":"post_tag","embeddable":true,"href":"https:\/\/lichtplanung-plus.de\/index.php?rest_route=%2Fwp%2Fv2%2Ftags&post=692"}],"curies":[{"name":"wp","href":"https:\/\/api.w.org\/{rel}","templated":true}]}}