{"id":582,"date":"2018-11-11T08:30:03","date_gmt":"2018-11-11T08:30:03","guid":{"rendered":"http:\/\/lichtplanung-plus.de\/?p=582"},"modified":"2018-11-07T11:09:16","modified_gmt":"2018-11-07T11:09:16","slug":"jetzt-kommts-aber-dicke","status":"publish","type":"post","link":"https:\/\/lichtplanung-plus.de\/?p=582","title":{"rendered":"Jetzt kommts aber dicke ;)"},"content":{"rendered":"<p>Die Weihnachtswichtel sind am werkeln und zeigen einen weiteren Prototyp: die &#8222;Christbaumkugel&#8220;. Nur 180cm im Durchmesser, 16 Segmente davon 8 leuchtende, eine goldene Aufh\u00e4ngung und 120lfm Tannengr\u00fcn als Girlande. Wir k\u00f6nnen auch kleiner, aber warum sollten wir? Die ersten sind schon auf dem Weg. F\u00fcr Kurzentschlossene haben wir auch noch einige wenige Produktionszeiten f\u00fcr Weihnachtsbeleuchtung frei.<\/p>\n<p><img loading=\"lazy\" decoding=\"async\" class=\"alignnone size-full wp-image-588\" src=\"https:\/\/i2.wp.com\/lichtplanung-plus.de\/wp-content\/uploads\/2018\/11\/20181106_110747-1.jpg?w=604\" alt=\"20181106_110747.jpg\" width=\"302\" height=\"403\" srcset=\"https:\/\/lichtplanung-plus.de\/wp-content\/uploads\/2018\/11\/20181106_110747-1.jpg 3096w, https:\/\/lichtplanung-plus.de\/wp-content\/uploads\/2018\/11\/20181106_110747-1-225x300.jpg 225w, https:\/\/lichtplanung-plus.de\/wp-content\/uploads\/2018\/11\/20181106_110747-1-768x1024.jpg 768w\" sizes=\"auto, (max-width: 302px) 100vw, 302px\" \/>\u00a0<img loading=\"lazy\" decoding=\"async\" class=\"alignnone  wp-image-587\" src=\"https:\/\/i1.wp.com\/lichtplanung-plus.de\/wp-content\/uploads\/2018\/11\/20181105_204209-1-2.jpg?w=558\" alt=\"20181105_204209 (1).jpg\" width=\"301\" height=\"401\" srcset=\"https:\/\/lichtplanung-plus.de\/wp-content\/uploads\/2018\/11\/20181105_204209-1-2.jpg 3096w, https:\/\/lichtplanung-plus.de\/wp-content\/uploads\/2018\/11\/20181105_204209-1-2-225x300.jpg 225w, https:\/\/lichtplanung-plus.de\/wp-content\/uploads\/2018\/11\/20181105_204209-1-2-768x1024.jpg 768w\" sizes=\"auto, (max-width: 301px) 100vw, 301px\" \/><\/p>\n<p>Durchmesser ab 1m bis 2m, auf Fu\u00dfplatte als Gegengewicht. Bespannung rot changierend, Tannengr\u00fcn in b1 lieferbar. Beleuchtung mittels RGB KW.<\/p>\n<p>Aufdrucke wie Firmenlogos, Motive und Werbetexte m\u00f6glich:<\/p>\n<p><img loading=\"lazy\" decoding=\"async\" class=\"alignnone size-full wp-image-590\" src=\"https:\/\/i1.wp.com\/lichtplanung-plus.de\/wp-content\/uploads\/2018\/11\/Idee-KCC-KUGEL-TAG-HClogo.jpg?w=476\" alt=\"Idee-KCC KUGEL-TAG-HClogo.jpg\" width=\"238\" height=\"318\" srcset=\"https:\/\/lichtplanung-plus.de\/wp-content\/uploads\/2018\/11\/Idee-KCC-KUGEL-TAG-HClogo.jpg 3096w, https:\/\/lichtplanung-plus.de\/wp-content\/uploads\/2018\/11\/Idee-KCC-KUGEL-TAG-HClogo-225x300.jpg 225w, https:\/\/lichtplanung-plus.de\/wp-content\/uploads\/2018\/11\/Idee-KCC-KUGEL-TAG-HClogo-768x1024.jpg 768w\" sizes=\"auto, (max-width: 238px) 100vw, 238px\" \/>\u00a0\u00a0<img loading=\"lazy\" decoding=\"async\" class=\"alignnone size-full wp-image-589\" src=\"https:\/\/i0.wp.com\/lichtplanung-plus.de\/wp-content\/uploads\/2018\/11\/Idee-KCC-KUGEL-nacht-HClogo.jpg?w=390\" alt=\"Idee-KCC KUGEL-nacht-HClogo.jpg\" width=\"195\" height=\"260\" srcset=\"https:\/\/lichtplanung-plus.de\/wp-content\/uploads\/2018\/11\/Idee-KCC-KUGEL-nacht-HClogo.jpg 3096w, https:\/\/lichtplanung-plus.de\/wp-content\/uploads\/2018\/11\/Idee-KCC-KUGEL-nacht-HClogo-225x300.jpg 225w, https:\/\/lichtplanung-plus.de\/wp-content\/uploads\/2018\/11\/Idee-KCC-KUGEL-nacht-HClogo-768x1024.jpg 768w\" sizes=\"auto, (max-width: 195px) 100vw, 195px\" \/><\/p>\n<p><span style=\"color: #000000;\">#<em>Ambientebeleuchtung #Weihnachten #Weihnachtsdeko #Weihnachtsdekoration #Design #Design-Weihnachtsmarkt #Weihnachtsmarkt #Au\u00dfenwerbung #Lichtwerbung #Exklusive Werbung #Sicherheitsbeleuchtung #Weihnachten #Christbaum #Weihnachtsbaum #Tanne #Lichterglanz #Lichtplanung #Lightingdesign #Christmas #Merry Christmas #Lichtplanung-plus<\/em><\/span><\/p>\n","protected":false},"excerpt":{"rendered":"<p>&#8222;Christbaumkugel&#8220;. Nur 180cm im Durchmesser, 16 Sgemente davon 8 leuchtende, eine goldene Aufh\u00e4ngung und 120lfm Tannengr\u00fcn als Girlande. Wir k\u00f6nnen auch kleiner, aber warum sollten wir?\u00a0<\/p>\n","protected":false},"author":1,"featured_media":588,"comment_status":"open","ping_status":"open","sticky":false,"template":"","format":"standard","meta":{"footnotes":""},"categories":[17,1],"tags":[24,27,31,29,20,9,8,12,2,28,18,10,11,30,19,25,26,13],"class_list":["post-582","post","type-post","status-publish","format-standard","has-post-thumbnail","hentry","category-lichtkunst","category-uncategorized","tag-ambientebeleuchtung","tag-aussenwerbung","tag-design-weihnachtsmarkt","tag-exklusive-werbung","tag-festival","tag-illumination","tag-licht","tag-lichtkunst","tag-lichtplanung","tag-lichtwerbung","tag-light-art","tag-lighting-design","tag-oeffentlicher-raum","tag-sicherheitsbeleuchtung","tag-temporaere-beleuchtung","tag-weihnachten","tag-weihnachtsdekoration","tag-wohlfuehlen"],"_links":{"self":[{"href":"https:\/\/lichtplanung-plus.de\/index.php?rest_route=\/wp\/v2\/posts\/582","targetHints":{"allow":["GET"]}}],"collection":[{"href":"https:\/\/lichtplanung-plus.de\/index.php?rest_route=\/wp\/v2\/posts"}],"about":[{"href":"https:\/\/lichtplanung-plus.de\/index.php?rest_route=\/wp\/v2\/types\/post"}],"author":[{"embeddable":true,"href":"https:\/\/lichtplanung-plus.de\/index.php?rest_route=\/wp\/v2\/users\/1"}],"replies":[{"embeddable":true,"href":"https:\/\/lichtplanung-plus.de\/index.php?rest_route=%2Fwp%2Fv2%2Fcomments&post=582"}],"version-history":[{"count":5,"href":"https:\/\/lichtplanung-plus.de\/index.php?rest_route=\/wp\/v2\/posts\/582\/revisions"}],"predecessor-version":[{"id":599,"href":"https:\/\/lichtplanung-plus.de\/index.php?rest_route=\/wp\/v2\/posts\/582\/revisions\/599"}],"wp:featuredmedia":[{"embeddable":true,"href":"https:\/\/lichtplanung-plus.de\/index.php?rest_route=\/wp\/v2\/media\/588"}],"wp:attachment":[{"href":"https:\/\/lichtplanung-plus.de\/index.php?rest_route=%2Fwp%2Fv2%2Fmedia&parent=582"}],"wp:term":[{"taxonomy":"category","embeddable":true,"href":"https:\/\/lichtplanung-plus.de\/index.php?rest_route=%2Fwp%2Fv2%2Fcategories&post=582"},{"taxonomy":"post_tag","embeddable":true,"href":"https:\/\/lichtplanung-plus.de\/index.php?rest_route=%2Fwp%2Fv2%2Ftags&post=582"}],"curies":[{"name":"wp","href":"https:\/\/api.w.org\/{rel}","templated":true}]}}