{"id":384,"date":"2017-10-31T09:38:32","date_gmt":"2017-10-31T09:38:32","guid":{"rendered":"http:\/\/lichtplanung-plus.de\/?p=384"},"modified":"2017-10-31T09:38:32","modified_gmt":"2017-10-31T09:38:32","slug":"lichterspektakel-in-postdam-vom-04-06-11-2017","status":"publish","type":"post","link":"https:\/\/lichtplanung-plus.de\/?p=384","title":{"rendered":"Lichterspektakel in Postdam vom 04.-06.11.2017"},"content":{"rendered":"<p>Wir bauen mit am Brandenburger Tor in Potsdam! Gestern durften wir\u00a0 in Potsdam au\u00dferdem die Schnecken , das Bl\u00fctenmeer, Fische und Quallen und 240 Bienen installieren. Kunstwerke von KRONACH leuchtet und den Lichtkunstwerkern.<\/p>\n<div style=\"width: 525px;\" class=\"wp-video\"><!--[if lt IE 9]><script>document.createElement('video');<\/script><![endif]-->\n<video class=\"wp-video-shortcode\" id=\"video-384-1\" width=\"525\" height=\"933\" preload=\"metadata\" controls=\"controls\"><source type=\"video\/mp4\" src=\"https:\/\/lichtplanung-plus.de\/wp-content\/uploads\/2017\/10\/20171030_222727.mp4?_=1\" \/><a href=\"https:\/\/lichtplanung-plus.de\/wp-content\/uploads\/2017\/10\/20171030_222727.mp4\">https:\/\/lichtplanung-plus.de\/wp-content\/uploads\/2017\/10\/20171030_222727.mp4<\/a><\/video><\/div>\n<p><strong>Bienen:\u00a0\u201eK\u00f6rbe voller Leben\u201c<\/strong><\/p>\n<p>Ohne Bienen geht es nicht. In den K\u00f6rben herrscht das ganze Jahr \u00fcber Leben. Jetzt im Fr\u00fchjahr schw\u00e4rmen sie aus. 250 von ihnen sind nachtaktiv und schweben gerade durch die Stra\u00dfen auf der Suche nach Nektar und ganz ohne Stachel.<\/p>\n<p>Idee: Karin Siegemund &amp; Markus Stirn<br \/>\nUmsetzung: Die Lichtkunstwerker<\/p>\n<p><strong>Schnecken:\u00a0\u201eIn Bewegung\u201c<\/strong><\/p>\n<p>Gem\u00e4chlich aber stetig zieht die Schnecke unbeirrbar ihre Spur. Erinnert daran, sich Zeit zu nehmen im Leben. Ihr Haus ist perfekt geformt, und symbolisiert mit seiner Spirale die Unendlichkeit des Universums. Nach au\u00dfen<br \/>\ngehen und wieder zur\u00fcckkommen. Nicht im Kreis drehen, sondern langsam aber sicher vorankommen.<\/p>\n<p>Idee: Andrea Lieb<br \/>\nUmsetzung: Die Lichtkunstwerker<\/p>\n<p><strong>&#8222;BL\u00dcTENMEER&#8220;<\/strong><\/p>\n<p><span style=\"font-size: 1rem;\">Idee: Karin Siegemund<\/span><\/p>\n<div id=\"map-infowindow-content\">\n<div id=\"map-infowindow-attr-Beschreibung-container\" class=\"i4ewOd-TaUzNb-g7W7Ed-haAclf \">\n<div class=\"i4ewOd-TaUzNb-g7W7Ed-lTBxed i4ewOd-TaUzNb-p83tee-lTBxed \" data-column-id=\"str:QmVzY2hyZWlidW5n\">Umsetzung: Die Lichtkunstwerker<\/div>\n<\/div>\n<\/div>\n<div data-column-id=\"str:QmVzY2hyZWlidW5n\"><\/div>\n<div data-column-id=\"str:QmVzY2hyZWlidW5n\"><strong>\u201eMeeresrauschen\u201c\u00a0<\/strong><\/div>\n<div data-column-id=\"str:QmVzY2hyZWlidW5n\"><\/div>\n<div data-column-id=\"str:QmVzY2hyZWlidW5n\">Lumineszierende Gesch\u00f6pfe in all ihrer Farbenpracht steigen aus den Weiten der Ozeane zu uns nach oben. Leuchtquallen und exotische Fische schweben in den Wellen und nehmen uns mit auf eine Tauchfahrt in die faszinierende, geheimnisvolle Welt der Tiefsee.<\/div>\n<div data-column-id=\"str:QmVzY2hyZWlidW5n\"><\/div>\n<div data-column-id=\"str:QmVzY2hyZWlidW5n\">Idee: Andrea Lieb,\u00a0<a href=\"http:\/\/www.optiklieb.de\/\" target=\"_blank\" rel=\"nofollow noopener\">www.optiklieb.de<\/a><br \/>\nUmsetzung: Die Lichtkunstwerker<\/div>\n<div id=\"map-infowindow-content\">\n<div id=\"map-infowindow-attr-Beschreibung-container\" class=\"i4ewOd-TaUzNb-g7W7Ed-haAclf \"><\/div>\n<div data-column-id=\"str:QmVzY2hyZWlidW5n\"><strong>&#8222;Im Bau&#8220;<\/strong><\/div>\n<div data-column-id=\"str:QmVzY2hyZWlidW5n\">\nIdee: Markus Stirn<br \/>\nUmsetzung Die Lichtkunstwerker<\/div>\n<\/div>\n<div data-column-id=\"str:QmVzY2hyZWlidW5n\"><\/div>\n<div data-column-id=\"str:QmVzY2hyZWlidW5n\"><\/div>\n","protected":false},"excerpt":{"rendered":"<p>Wir bauen mit am Brandenburger Tor in Potsdam! Gestern durften wir\u00a0 in Potsdam au\u00dferdem die Schnecken , das Bl\u00fctenmeer, Fische und Quallen und 240 Bienen installieren. Kunstwerke von KRONACH leuchtet und den Lichtkunstwerkern. Bienen:\u00a0\u201eK\u00f6rbe voller Leben\u201c Ohne Bienen geht es nicht. In den K\u00f6rben herrscht das ganze Jahr \u00fcber Leben. Jetzt im Fr\u00fchjahr schw\u00e4rmen sie &hellip; <\/p>\n<p class=\"link-more\"><a href=\"https:\/\/lichtplanung-plus.de\/?p=384\" class=\"more-link\"><span class=\"screen-reader-text\">\u201eLichterspektakel in Postdam vom 04.-06.11.2017\u201c<\/span> weiterlesen<\/a><\/p>\n","protected":false},"author":1,"featured_media":386,"comment_status":"open","ping_status":"open","sticky":false,"template":"","format":"standard","meta":{"footnotes":""},"categories":[17],"tags":[4,5,20,9,3,14,8,12,6,2,10,7,11,19,13],"class_list":["post-384","post","type-post","status-publish","format-standard","has-post-thumbnail","hentry","category-lichtkunst","tag-architekturbeleuchtung","tag-fassadenbeleuchtung","tag-festival","tag-illumination","tag-kirchenjubilaeum","tag-landmark","tag-licht","tag-lichtkunst","tag-lichtmasterplan","tag-lichtplanung","tag-lighting-design","tag-masterplan","tag-oeffentlicher-raum","tag-temporaere-beleuchtung","tag-wohlfuehlen"],"_links":{"self":[{"href":"https:\/\/lichtplanung-plus.de\/index.php?rest_route=\/wp\/v2\/posts\/384","targetHints":{"allow":["GET"]}}],"collection":[{"href":"https:\/\/lichtplanung-plus.de\/index.php?rest_route=\/wp\/v2\/posts"}],"about":[{"href":"https:\/\/lichtplanung-plus.de\/index.php?rest_route=\/wp\/v2\/types\/post"}],"author":[{"embeddable":true,"href":"https:\/\/lichtplanung-plus.de\/index.php?rest_route=\/wp\/v2\/users\/1"}],"replies":[{"embeddable":true,"href":"https:\/\/lichtplanung-plus.de\/index.php?rest_route=%2Fwp%2Fv2%2Fcomments&post=384"}],"version-history":[{"count":2,"href":"https:\/\/lichtplanung-plus.de\/index.php?rest_route=\/wp\/v2\/posts\/384\/revisions"}],"predecessor-version":[{"id":388,"href":"https:\/\/lichtplanung-plus.de\/index.php?rest_route=\/wp\/v2\/posts\/384\/revisions\/388"}],"wp:featuredmedia":[{"embeddable":true,"href":"https:\/\/lichtplanung-plus.de\/index.php?rest_route=\/wp\/v2\/media\/386"}],"wp:attachment":[{"href":"https:\/\/lichtplanung-plus.de\/index.php?rest_route=%2Fwp%2Fv2%2Fmedia&parent=384"}],"wp:term":[{"taxonomy":"category","embeddable":true,"href":"https:\/\/lichtplanung-plus.de\/index.php?rest_route=%2Fwp%2Fv2%2Fcategories&post=384"},{"taxonomy":"post_tag","embeddable":true,"href":"https:\/\/lichtplanung-plus.de\/index.php?rest_route=%2Fwp%2Fv2%2Ftags&post=384"}],"curies":[{"name":"wp","href":"https:\/\/api.w.org\/{rel}","templated":true}]}}