{"id":1573,"date":"2024-08-09T09:53:35","date_gmt":"2024-08-09T09:53:35","guid":{"rendered":"https:\/\/lichtplanung-plus.de\/?p=1573"},"modified":"2024-08-11T18:02:29","modified_gmt":"2024-08-11T18:02:29","slug":"kronach-leuchtet-schwabach-de-bad-zwischenahn-am-meer-ammerland-touristik-park-der-gaerten","status":"publish","type":"post","link":"https:\/\/lichtplanung-plus.de\/?p=1573","title":{"rendered":"Impressionen aus den letzten Monaten"},"content":{"rendered":"\n<h1 class=\"wp-block-heading\">@Schwabach.de\u00a0; @Bad Zwischenahn am Meer (Ammerland) Touristik\u00a0@Park der G\u00e4rten<\/h1>\n\n\n\n<p>@<a href=\"https:\/\/www.facebook.com\/KRONACHleuchtet\">Kronach leuchtet<\/a>; @<a href=\"https:\/\/www.facebook.com\/StadtSchwabach?__cft__[0]=AZWZ1N-sSwPtcN9-0QTjiG3YIE2t5xojWT_YAeEeEtjgR6kOA52ARYJAQR6VIZULuhNi0lDN08D6RIeaAijqMBccGBZezMFfwMk-mVoEQO8i16yspf9dWzV-EDoHBcSHb7k3d8Ss4_LPp5B-pYopaDSZxT9aEjo8q6HBhs-toazKtPqsB7TpwqW4wDg2lbw_BPDy3XDAnrCyt8-16BRkmggu&amp;__tn__=-UC%2CP-R\"><strong>Schwabach.de<\/strong><\/a>&nbsp;; @<a href=\"https:\/\/www.facebook.com\/badzwischenahn?__cft__[0]=AZXSLBc5VB_hNZcxmQYNXS3eETejB9XWBfH6UprSUPI7fLMux86ETH1i1KAX0AIh9-mwBVJDXMNLR4EzfVk17wfmIOn5KawYGbzzR3IQlpydEMM-v7RhkZwreoBDsJ32yGR8Gu5s2NROKhMMrcmZgnrfCN2MB89NhVSYfuUOfqavNDwy-mDSB4_VudWmkNhfGnZzt48IzdY_JnMQzB6tP8av&amp;__tn__=-UC%2CP-R\"><strong>Bad Zwischenahn am Meer (Ammerland) Touristik<\/strong><\/a>&nbsp;@<a href=\"https:\/\/www.facebook.com\/Park.der.Gaerten?__cft__[0]=AZX1JlQexrcgKsVzPHRfNEQtju7MZ_9-5en2fUUn9Z3mS-qL2xhVYo_RAA2EiRTuMufi0oWElL8wbbYD0lCB06yCQI4BdU6wxu09gchU9J4S26HT8UpjaCPhw6tybYa20ejKuUB__uF2eelmZ2cfUjQZrjWFojaVv2iLJcq8HZGZkYN2yMStnRh5JIoRNs25aRMnTW3wHHITF6-trEUDjT0T&amp;__tn__=-UC%2CP-R\"><strong>Park der G\u00e4rten<\/strong><\/a><\/p>\n\n\n\n<figure class=\"wp-block-gallery has-nested-images columns-default is-cropped wp-block-gallery-1 is-layout-flex wp-block-gallery-is-layout-flex\">\n<figure class=\"wp-block-image size-large\"><img loading=\"lazy\" decoding=\"async\" width=\"1024\" height=\"576\" data-id=\"1560\" src=\"https:\/\/lichtplanung-plus.de\/wp-content\/uploads\/2024\/08\/PXL_20240731_110152268-1024x576.jpg\" alt=\"\" class=\"wp-image-1560\" srcset=\"https:\/\/lichtplanung-plus.de\/wp-content\/uploads\/2024\/08\/PXL_20240731_110152268-1024x576.jpg 1024w, https:\/\/lichtplanung-plus.de\/wp-content\/uploads\/2024\/08\/PXL_20240731_110152268-300x169.jpg 300w, https:\/\/lichtplanung-plus.de\/wp-content\/uploads\/2024\/08\/PXL_20240731_110152268-768x432.jpg 768w, https:\/\/lichtplanung-plus.de\/wp-content\/uploads\/2024\/08\/PXL_20240731_110152268.jpg 1365w\" sizes=\"auto, (max-width: 767px) 89vw, (max-width: 1000px) 54vw, (max-width: 1071px) 543px, 580px\" \/><\/figure>\n\n\n\n<figure class=\"wp-block-image size-large\"><img loading=\"lazy\" decoding=\"async\" width=\"576\" height=\"1024\" data-id=\"1548\" src=\"https:\/\/lichtplanung-plus.de\/wp-content\/uploads\/2024\/08\/PXL_20240803_213259569-576x1024.jpg\" alt=\"\" class=\"wp-image-1548\" srcset=\"https:\/\/lichtplanung-plus.de\/wp-content\/uploads\/2024\/08\/PXL_20240803_213259569-576x1024.jpg 576w, https:\/\/lichtplanung-plus.de\/wp-content\/uploads\/2024\/08\/PXL_20240803_213259569-169x300.jpg 169w, https:\/\/lichtplanung-plus.de\/wp-content\/uploads\/2024\/08\/PXL_20240803_213259569.jpg 768w\" sizes=\"auto, (max-width: 576px) 100vw, 576px\" \/><\/figure>\n\n\n\n<figure class=\"wp-block-image size-large\"><img loading=\"lazy\" decoding=\"async\" width=\"576\" height=\"1024\" data-id=\"1564\" src=\"https:\/\/lichtplanung-plus.de\/wp-content\/uploads\/2024\/08\/PXL_20240731_135943855-576x1024.jpg\" alt=\"\" class=\"wp-image-1564\" srcset=\"https:\/\/lichtplanung-plus.de\/wp-content\/uploads\/2024\/08\/PXL_20240731_135943855-576x1024.jpg 576w, https:\/\/lichtplanung-plus.de\/wp-content\/uploads\/2024\/08\/PXL_20240731_135943855-169x300.jpg 169w, https:\/\/lichtplanung-plus.de\/wp-content\/uploads\/2024\/08\/PXL_20240731_135943855.jpg 768w\" sizes=\"auto, (max-width: 576px) 100vw, 576px\" \/><\/figure>\n\n\n\n<figure class=\"wp-block-image size-large\"><img loading=\"lazy\" decoding=\"async\" width=\"576\" height=\"1024\" data-id=\"1568\" src=\"https:\/\/lichtplanung-plus.de\/wp-content\/uploads\/2024\/08\/PXL_20240803_201240623-576x1024.jpg\" alt=\"\" class=\"wp-image-1568\" srcset=\"https:\/\/lichtplanung-plus.de\/wp-content\/uploads\/2024\/08\/PXL_20240803_201240623-576x1024.jpg 576w, https:\/\/lichtplanung-plus.de\/wp-content\/uploads\/2024\/08\/PXL_20240803_201240623-169x300.jpg 169w, https:\/\/lichtplanung-plus.de\/wp-content\/uploads\/2024\/08\/PXL_20240803_201240623.jpg 768w\" sizes=\"auto, (max-width: 576px) 100vw, 576px\" \/><\/figure>\n\n\n\n<figure class=\"wp-block-image size-large\"><img loading=\"lazy\" decoding=\"async\" width=\"1024\" height=\"576\" data-id=\"1557\" src=\"https:\/\/lichtplanung-plus.de\/wp-content\/uploads\/2024\/08\/PXL_20240730_131129780-1024x576.jpg\" alt=\"\" class=\"wp-image-1557\" srcset=\"https:\/\/lichtplanung-plus.de\/wp-content\/uploads\/2024\/08\/PXL_20240730_131129780-1024x576.jpg 1024w, https:\/\/lichtplanung-plus.de\/wp-content\/uploads\/2024\/08\/PXL_20240730_131129780-300x169.jpg 300w, https:\/\/lichtplanung-plus.de\/wp-content\/uploads\/2024\/08\/PXL_20240730_131129780-768x432.jpg 768w, https:\/\/lichtplanung-plus.de\/wp-content\/uploads\/2024\/08\/PXL_20240730_131129780.jpg 1365w\" sizes=\"auto, (max-width: 767px) 89vw, (max-width: 1000px) 54vw, (max-width: 1071px) 543px, 580px\" \/><\/figure>\n\n\n\n<figure class=\"wp-block-image size-large\"><img loading=\"lazy\" decoding=\"async\" width=\"1024\" height=\"576\" data-id=\"1559\" src=\"https:\/\/lichtplanung-plus.de\/wp-content\/uploads\/2024\/08\/PXL_20240730_081107396-1024x576.jpg\" alt=\"\" class=\"wp-image-1559\" srcset=\"https:\/\/lichtplanung-plus.de\/wp-content\/uploads\/2024\/08\/PXL_20240730_081107396-1024x576.jpg 1024w, https:\/\/lichtplanung-plus.de\/wp-content\/uploads\/2024\/08\/PXL_20240730_081107396-300x169.jpg 300w, https:\/\/lichtplanung-plus.de\/wp-content\/uploads\/2024\/08\/PXL_20240730_081107396-768x432.jpg 768w, https:\/\/lichtplanung-plus.de\/wp-content\/uploads\/2024\/08\/PXL_20240730_081107396.jpg 1365w\" sizes=\"auto, (max-width: 767px) 89vw, (max-width: 1000px) 54vw, (max-width: 1071px) 543px, 580px\" \/><\/figure>\n<\/figure>\n\n\n\n<p>#kronach #kronachleuchtet #park-der-gaerten #lichtzauber #badzwischenahn #schwabach #<em>goldschl\u00e4gernacht<\/em> #lichtkunst #design #nachtschw\u00e4rmer #stadtfest #fetsival #oberfranken #bayern #mittelfranken #niedersachsen #illumination #beleuchtung #architektur #kunst #event #lichtkunst #fotografie <\/p>\n","protected":false},"excerpt":{"rendered":"<p>@Schwabach.de\u00a0; @Bad Zwischenahn am Meer (Ammerland) Touristik\u00a0@Park der G\u00e4rten @Kronach leuchtet; @Schwabach.de&nbsp;; @Bad Zwischenahn am Meer (Ammerland) Touristik&nbsp;@Park der G\u00e4rten #kronach #kronachleuchtet #park-der-gaerten #lichtzauber #badzwischenahn #schwabach #goldschl\u00e4gernacht #lichtkunst #design #nachtschw\u00e4rmer #stadtfest #fetsival #oberfranken #bayern #mittelfranken #niedersachsen #illumination #beleuchtung #architektur #kunst #event #lichtkunst #fotografie<\/p>\n","protected":false},"author":1,"featured_media":0,"comment_status":"open","ping_status":"open","sticky":false,"template":"","format":"standard","meta":{"footnotes":""},"categories":[17],"tags":[4,5,9,8,6,2,18,10,11],"class_list":["post-1573","post","type-post","status-publish","format-standard","hentry","category-lichtkunst","tag-architekturbeleuchtung","tag-fassadenbeleuchtung","tag-illumination","tag-licht","tag-lichtmasterplan","tag-lichtplanung","tag-light-art","tag-lighting-design","tag-oeffentlicher-raum"],"_links":{"self":[{"href":"https:\/\/lichtplanung-plus.de\/index.php?rest_route=\/wp\/v2\/posts\/1573","targetHints":{"allow":["GET"]}}],"collection":[{"href":"https:\/\/lichtplanung-plus.de\/index.php?rest_route=\/wp\/v2\/posts"}],"about":[{"href":"https:\/\/lichtplanung-plus.de\/index.php?rest_route=\/wp\/v2\/types\/post"}],"author":[{"embeddable":true,"href":"https:\/\/lichtplanung-plus.de\/index.php?rest_route=\/wp\/v2\/users\/1"}],"replies":[{"embeddable":true,"href":"https:\/\/lichtplanung-plus.de\/index.php?rest_route=%2Fwp%2Fv2%2Fcomments&post=1573"}],"version-history":[{"count":2,"href":"https:\/\/lichtplanung-plus.de\/index.php?rest_route=\/wp\/v2\/posts\/1573\/revisions"}],"predecessor-version":[{"id":1576,"href":"https:\/\/lichtplanung-plus.de\/index.php?rest_route=\/wp\/v2\/posts\/1573\/revisions\/1576"}],"wp:attachment":[{"href":"https:\/\/lichtplanung-plus.de\/index.php?rest_route=%2Fwp%2Fv2%2Fmedia&parent=1573"}],"wp:term":[{"taxonomy":"category","embeddable":true,"href":"https:\/\/lichtplanung-plus.de\/index.php?rest_route=%2Fwp%2Fv2%2Fcategories&post=1573"},{"taxonomy":"post_tag","embeddable":true,"href":"https:\/\/lichtplanung-plus.de\/index.php?rest_route=%2Fwp%2Fv2%2Ftags&post=1573"}],"curies":[{"name":"wp","href":"https:\/\/api.w.org\/{rel}","templated":true}]}}