{"id":1449,"date":"2023-03-03T20:07:00","date_gmt":"2023-03-03T20:07:00","guid":{"rendered":"https:\/\/lichtplanung-plus.de\/?p=1449"},"modified":"2023-03-03T10:28:45","modified_gmt":"2023-03-03T10:28:45","slug":"100-jahre-loewe","status":"publish","type":"post","link":"https:\/\/lichtplanung-plus.de\/?p=1449","title":{"rendered":"100 Jahre LOEWE."},"content":{"rendered":"\n<p>Zur Er\u00f6ffnung der Jubil\u00e4umsausstellung Design und Innovation \u2013 Made by Loewe am 2. M\u00e4rz brachten wir die Fassade der Fr\u00e4nkischen Galerie auf der Festung Rosenberg zum strahlen. Wir w\u00fcnschen allen Besuchern der Ausstellung viel Freude und dem Unternehmen Loewe alles Gute zum Jubil\u00e4um. Hier einige Bilder der Illumination:<\/p>\n\n\n\n<div class=\"wp-block-group\"><div class=\"wp-block-group__inner-container is-layout-constrained wp-block-group-is-layout-constrained\">\n<div class=\"wp-block-group\"><div class=\"wp-block-group__inner-container is-layout-constrained wp-block-group-is-layout-constrained\">\n<figure class=\"wp-block-gallery has-nested-images columns-default is-cropped wp-block-gallery-1 is-layout-flex wp-block-gallery-is-layout-flex\">\n<figure class=\"wp-block-image size-large\"><img loading=\"lazy\" decoding=\"async\" width=\"1024\" height=\"576\" data-id=\"1455\" src=\"https:\/\/lichtplanung-plus.de\/wp-content\/uploads\/2023\/03\/Festung-Rosenberg-100-Jahre-Loewe-2023-1-1024x576.jpg\" alt=\"\" class=\"wp-image-1455\" srcset=\"https:\/\/lichtplanung-plus.de\/wp-content\/uploads\/2023\/03\/Festung-Rosenberg-100-Jahre-Loewe-2023-1-1024x576.jpg 1024w, https:\/\/lichtplanung-plus.de\/wp-content\/uploads\/2023\/03\/Festung-Rosenberg-100-Jahre-Loewe-2023-1-300x169.jpg 300w, https:\/\/lichtplanung-plus.de\/wp-content\/uploads\/2023\/03\/Festung-Rosenberg-100-Jahre-Loewe-2023-1-768x432.jpg 768w, https:\/\/lichtplanung-plus.de\/wp-content\/uploads\/2023\/03\/Festung-Rosenberg-100-Jahre-Loewe-2023-1-1536x864.jpg 1536w, https:\/\/lichtplanung-plus.de\/wp-content\/uploads\/2023\/03\/Festung-Rosenberg-100-Jahre-Loewe-2023-1-2048x1152.jpg 2048w\" sizes=\"auto, (max-width: 767px) 89vw, (max-width: 1000px) 54vw, (max-width: 1071px) 543px, 580px\" \/><figcaption class=\"wp-element-caption\">Illumination Festung Rosenberg 100 Jahre Loewe<\/figcaption><\/figure>\n\n\n\n<figure class=\"wp-block-image size-large\"><img loading=\"lazy\" decoding=\"async\" width=\"751\" height=\"1024\" data-id=\"1451\" src=\"https:\/\/lichtplanung-plus.de\/wp-content\/uploads\/2023\/03\/Festung-Rosenberg-100-Jahre-Loewe-2023-6-751x1024.jpg\" alt=\"\" class=\"wp-image-1451\" srcset=\"https:\/\/lichtplanung-plus.de\/wp-content\/uploads\/2023\/03\/Festung-Rosenberg-100-Jahre-Loewe-2023-6-751x1024.jpg 751w, https:\/\/lichtplanung-plus.de\/wp-content\/uploads\/2023\/03\/Festung-Rosenberg-100-Jahre-Loewe-2023-6-220x300.jpg 220w, https:\/\/lichtplanung-plus.de\/wp-content\/uploads\/2023\/03\/Festung-Rosenberg-100-Jahre-Loewe-2023-6-768x1047.jpg 768w, https:\/\/lichtplanung-plus.de\/wp-content\/uploads\/2023\/03\/Festung-Rosenberg-100-Jahre-Loewe-2023-6-1127x1536.jpg 1127w, https:\/\/lichtplanung-plus.de\/wp-content\/uploads\/2023\/03\/Festung-Rosenberg-100-Jahre-Loewe-2023-6-1502x2048.jpg 1502w, https:\/\/lichtplanung-plus.de\/wp-content\/uploads\/2023\/03\/Festung-Rosenberg-100-Jahre-Loewe-2023-6-scaled.jpg 1878w\" sizes=\"auto, (max-width: 706px) 89vw, (max-width: 767px) 82vw, 740px\" \/><figcaption class=\"wp-element-caption\">Illumination Festung Rosenberg 100 Jahre Loewe<\/figcaption><\/figure>\n\n\n\n<figure class=\"wp-block-image size-large\"><img loading=\"lazy\" decoding=\"async\" width=\"576\" height=\"1024\" data-id=\"1460\" src=\"https:\/\/lichtplanung-plus.de\/wp-content\/uploads\/2023\/03\/Festung-Rosenberg-100-Jahre-Loewe-2023-9-576x1024.jpg\" alt=\"\" class=\"wp-image-1460\" srcset=\"https:\/\/lichtplanung-plus.de\/wp-content\/uploads\/2023\/03\/Festung-Rosenberg-100-Jahre-Loewe-2023-9-576x1024.jpg 576w, https:\/\/lichtplanung-plus.de\/wp-content\/uploads\/2023\/03\/Festung-Rosenberg-100-Jahre-Loewe-2023-9-169x300.jpg 169w, https:\/\/lichtplanung-plus.de\/wp-content\/uploads\/2023\/03\/Festung-Rosenberg-100-Jahre-Loewe-2023-9-768x1365.jpg 768w, https:\/\/lichtplanung-plus.de\/wp-content\/uploads\/2023\/03\/Festung-Rosenberg-100-Jahre-Loewe-2023-9-864x1536.jpg 864w, https:\/\/lichtplanung-plus.de\/wp-content\/uploads\/2023\/03\/Festung-Rosenberg-100-Jahre-Loewe-2023-9-1152x2048.jpg 1152w, https:\/\/lichtplanung-plus.de\/wp-content\/uploads\/2023\/03\/Festung-Rosenberg-100-Jahre-Loewe-2023-9-scaled.jpg 1440w\" sizes=\"auto, (max-width: 576px) 100vw, 576px\" \/><figcaption class=\"wp-element-caption\">Illumination Festung Rosenberg 100 Jahre Loewe<\/figcaption><\/figure>\n\n\n\n<figure class=\"wp-block-image size-large\"><img loading=\"lazy\" decoding=\"async\" width=\"629\" height=\"1024\" data-id=\"1456\" src=\"https:\/\/lichtplanung-plus.de\/wp-content\/uploads\/2023\/03\/Festung-Rosenberg-100-Jahre-Loewe-2023-7-629x1024.jpg\" alt=\"\" class=\"wp-image-1456\" srcset=\"https:\/\/lichtplanung-plus.de\/wp-content\/uploads\/2023\/03\/Festung-Rosenberg-100-Jahre-Loewe-2023-7-629x1024.jpg 629w, https:\/\/lichtplanung-plus.de\/wp-content\/uploads\/2023\/03\/Festung-Rosenberg-100-Jahre-Loewe-2023-7-184x300.jpg 184w, https:\/\/lichtplanung-plus.de\/wp-content\/uploads\/2023\/03\/Festung-Rosenberg-100-Jahre-Loewe-2023-7-768x1251.jpg 768w, https:\/\/lichtplanung-plus.de\/wp-content\/uploads\/2023\/03\/Festung-Rosenberg-100-Jahre-Loewe-2023-7-943x1536.jpg 943w, https:\/\/lichtplanung-plus.de\/wp-content\/uploads\/2023\/03\/Festung-Rosenberg-100-Jahre-Loewe-2023-7-1257x2048.jpg 1257w, https:\/\/lichtplanung-plus.de\/wp-content\/uploads\/2023\/03\/Festung-Rosenberg-100-Jahre-Loewe-2023-7-scaled.jpg 1572w\" sizes=\"auto, (max-width: 629px) 100vw, 629px\" \/><figcaption class=\"wp-element-caption\">Illumination Festung Rosenberg 100 Jahre Loewe<\/figcaption><\/figure>\n\n\n\n<figure class=\"wp-block-image size-large\"><img loading=\"lazy\" decoding=\"async\" width=\"735\" height=\"1024\" data-id=\"1452\" src=\"https:\/\/lichtplanung-plus.de\/wp-content\/uploads\/2023\/03\/Festung-Rosenberg-100-Jahre-Loewe-2023-5-735x1024.jpg\" alt=\"\" class=\"wp-image-1452\" srcset=\"https:\/\/lichtplanung-plus.de\/wp-content\/uploads\/2023\/03\/Festung-Rosenberg-100-Jahre-Loewe-2023-5-735x1024.jpg 735w, https:\/\/lichtplanung-plus.de\/wp-content\/uploads\/2023\/03\/Festung-Rosenberg-100-Jahre-Loewe-2023-5-215x300.jpg 215w, https:\/\/lichtplanung-plus.de\/wp-content\/uploads\/2023\/03\/Festung-Rosenberg-100-Jahre-Loewe-2023-5-768x1070.jpg 768w, https:\/\/lichtplanung-plus.de\/wp-content\/uploads\/2023\/03\/Festung-Rosenberg-100-Jahre-Loewe-2023-5-1102x1536.jpg 1102w, https:\/\/lichtplanung-plus.de\/wp-content\/uploads\/2023\/03\/Festung-Rosenberg-100-Jahre-Loewe-2023-5-1470x2048.jpg 1470w, https:\/\/lichtplanung-plus.de\/wp-content\/uploads\/2023\/03\/Festung-Rosenberg-100-Jahre-Loewe-2023-5.jpg 1716w\" sizes=\"auto, (max-width: 735px) 100vw, 735px\" \/><figcaption class=\"wp-element-caption\">Illumination Festung Rosenberg 100 Jahre Loewe<\/figcaption><\/figure>\n\n\n\n<figure class=\"wp-block-image size-large\"><img loading=\"lazy\" decoding=\"async\" width=\"692\" height=\"1024\" data-id=\"1457\" src=\"https:\/\/lichtplanung-plus.de\/wp-content\/uploads\/2023\/03\/Festung-Rosenberg-100-Jahre-Loewe-2023-8-692x1024.jpg\" alt=\"\" class=\"wp-image-1457\" srcset=\"https:\/\/lichtplanung-plus.de\/wp-content\/uploads\/2023\/03\/Festung-Rosenberg-100-Jahre-Loewe-2023-8-692x1024.jpg 692w, https:\/\/lichtplanung-plus.de\/wp-content\/uploads\/2023\/03\/Festung-Rosenberg-100-Jahre-Loewe-2023-8-203x300.jpg 203w, https:\/\/lichtplanung-plus.de\/wp-content\/uploads\/2023\/03\/Festung-Rosenberg-100-Jahre-Loewe-2023-8-768x1136.jpg 768w, https:\/\/lichtplanung-plus.de\/wp-content\/uploads\/2023\/03\/Festung-Rosenberg-100-Jahre-Loewe-2023-8-1038x1536.jpg 1038w, https:\/\/lichtplanung-plus.de\/wp-content\/uploads\/2023\/03\/Festung-Rosenberg-100-Jahre-Loewe-2023-8-1384x2048.jpg 1384w, https:\/\/lichtplanung-plus.de\/wp-content\/uploads\/2023\/03\/Festung-Rosenberg-100-Jahre-Loewe-2023-8-scaled.jpg 1731w\" sizes=\"auto, (max-width: 692px) 100vw, 692px\" \/><figcaption class=\"wp-element-caption\">Illumination Festung Rosenberg 100 Jahre Loewe<\/figcaption><\/figure>\n\n\n\n<figure class=\"wp-block-image size-large\"><img loading=\"lazy\" decoding=\"async\" width=\"679\" height=\"1024\" data-id=\"1453\" src=\"https:\/\/lichtplanung-plus.de\/wp-content\/uploads\/2023\/03\/Festung-Rosenberg-100-Jahre-Loewe-2023-3-679x1024.jpg\" alt=\"\" class=\"wp-image-1453\" srcset=\"https:\/\/lichtplanung-plus.de\/wp-content\/uploads\/2023\/03\/Festung-Rosenberg-100-Jahre-Loewe-2023-3-679x1024.jpg 679w, https:\/\/lichtplanung-plus.de\/wp-content\/uploads\/2023\/03\/Festung-Rosenberg-100-Jahre-Loewe-2023-3-199x300.jpg 199w, https:\/\/lichtplanung-plus.de\/wp-content\/uploads\/2023\/03\/Festung-Rosenberg-100-Jahre-Loewe-2023-3-768x1158.jpg 768w, https:\/\/lichtplanung-plus.de\/wp-content\/uploads\/2023\/03\/Festung-Rosenberg-100-Jahre-Loewe-2023-3-1019x1536.jpg 1019w, https:\/\/lichtplanung-plus.de\/wp-content\/uploads\/2023\/03\/Festung-Rosenberg-100-Jahre-Loewe-2023-3-1359x2048.jpg 1359w, https:\/\/lichtplanung-plus.de\/wp-content\/uploads\/2023\/03\/Festung-Rosenberg-100-Jahre-Loewe-2023-3.jpg 1573w\" sizes=\"auto, (max-width: 679px) 100vw, 679px\" \/><figcaption class=\"wp-element-caption\">Illumination Festung Rosenberg 100 Jahre Loewe<\/figcaption><\/figure>\n<\/figure>\n<\/div><\/div>\n<\/div><\/div>\n\n\n\n<p>#Loewe #Kronach #Oberfranken #Bayern #100 Jahre #100-j\u00e4hrige Firmengeschichte #Jubil\u00e4um #Beleuchtung #Illumination #lightart #lichtkunst #Kronach leuchtet #Design und Innovation #<\/p>\n","protected":false},"excerpt":{"rendered":"<p>Zur Er\u00f6ffnung der Jubil\u00e4umsausstellung Design und Innovation \u2013 Made by Loewe am 2. M\u00e4rz brachten wir die Fassade der Fr\u00e4nkischen Galerie auf der Festung Rosenberg zum strahlen. Wir w\u00fcnschen allen Besuchern der Ausstellung viel Freude und dem Unternehmen Loewe alles Gute zum Jubil\u00e4um. Hier einige Bilder der Illumination: #Loewe #Kronach #Oberfranken #Bayern #100 Jahre #100-j\u00e4hrige &hellip; <\/p>\n<p class=\"link-more\"><a href=\"https:\/\/lichtplanung-plus.de\/?p=1449\" class=\"more-link\"><span class=\"screen-reader-text\">\u201e100 Jahre LOEWE.\u201c<\/span> weiterlesen<\/a><\/p>\n","protected":false},"author":1,"featured_media":0,"comment_status":"open","ping_status":"open","sticky":false,"template":"","format":"standard","meta":{"footnotes":""},"categories":[1],"tags":[4,5,9,155,97,12,2,10,172,11],"class_list":["post-1449","post","type-post","status-publish","format-standard","hentry","category-uncategorized","tag-architekturbeleuchtung","tag-fassadenbeleuchtung","tag-illumination","tag-jubilaeum","tag-kronach","tag-lichtkunst","tag-lichtplanung","tag-lighting-design","tag-loewe","tag-oeffentlicher-raum"],"_links":{"self":[{"href":"https:\/\/lichtplanung-plus.de\/index.php?rest_route=\/wp\/v2\/posts\/1449","targetHints":{"allow":["GET"]}}],"collection":[{"href":"https:\/\/lichtplanung-plus.de\/index.php?rest_route=\/wp\/v2\/posts"}],"about":[{"href":"https:\/\/lichtplanung-plus.de\/index.php?rest_route=\/wp\/v2\/types\/post"}],"author":[{"embeddable":true,"href":"https:\/\/lichtplanung-plus.de\/index.php?rest_route=\/wp\/v2\/users\/1"}],"replies":[{"embeddable":true,"href":"https:\/\/lichtplanung-plus.de\/index.php?rest_route=%2Fwp%2Fv2%2Fcomments&post=1449"}],"version-history":[{"count":4,"href":"https:\/\/lichtplanung-plus.de\/index.php?rest_route=\/wp\/v2\/posts\/1449\/revisions"}],"predecessor-version":[{"id":1464,"href":"https:\/\/lichtplanung-plus.de\/index.php?rest_route=\/wp\/v2\/posts\/1449\/revisions\/1464"}],"wp:attachment":[{"href":"https:\/\/lichtplanung-plus.de\/index.php?rest_route=%2Fwp%2Fv2%2Fmedia&parent=1449"}],"wp:term":[{"taxonomy":"category","embeddable":true,"href":"https:\/\/lichtplanung-plus.de\/index.php?rest_route=%2Fwp%2Fv2%2Fcategories&post=1449"},{"taxonomy":"post_tag","embeddable":true,"href":"https:\/\/lichtplanung-plus.de\/index.php?rest_route=%2Fwp%2Fv2%2Ftags&post=1449"}],"curies":[{"name":"wp","href":"https:\/\/api.w.org\/{rel}","templated":true}]}}