{"id":1325,"date":"2022-08-08T10:54:22","date_gmt":"2022-08-08T10:54:22","guid":{"rendered":"https:\/\/lichtplanung-plus.de\/?p=1325"},"modified":"2022-08-08T10:54:24","modified_gmt":"2022-08-08T10:54:24","slug":"sommerfest-spielbank-bad-steben","status":"publish","type":"post","link":"https:\/\/lichtplanung-plus.de\/?p=1325","title":{"rendered":"Sommerfest Spielbank Bad Steben"},"content":{"rendered":"\n<p>Gl\u00fcck kann jeder gebrauchen und wir brachten den leuchtenden Gl\u00fccksklee zum Sommerfest der Spielbank Bad Steben mit. Der Joker sa\u00df auf der Wiese und wurde eifrig als Selfie Point genutzt. Weitere Lichtpunkte wie der Bienenschwarm oder die Quallen setzten Akzente, umrahmt von einer malerischen Hintergrundbeleuchtung.<\/p>\n\n\n\n<p>In Kooperation mit Frank Wunderratsch entstanden die \u00fcberdimensionalen Spielkarten \u201eBube, Dame, Ass\u201c<\/p>\n\n\n\n<figure class=\"wp-block-gallery has-nested-images columns-default is-cropped wp-block-gallery-1 is-layout-flex wp-block-gallery-is-layout-flex\">\n<figure class=\"wp-block-image size-large\"><img loading=\"lazy\" decoding=\"async\" width=\"1024\" height=\"576\" data-id=\"1335\" src=\"https:\/\/lichtplanung-plus.de\/wp-content\/uploads\/2022\/08\/1-Sommerfest-Spielbank-Bad-Steben-Lichtplanung-plus.de-13-1024x576.jpg\" alt=\"\" class=\"wp-image-1335\" srcset=\"https:\/\/lichtplanung-plus.de\/wp-content\/uploads\/2022\/08\/1-Sommerfest-Spielbank-Bad-Steben-Lichtplanung-plus.de-13-1024x576.jpg 1024w, https:\/\/lichtplanung-plus.de\/wp-content\/uploads\/2022\/08\/1-Sommerfest-Spielbank-Bad-Steben-Lichtplanung-plus.de-13-300x169.jpg 300w, https:\/\/lichtplanung-plus.de\/wp-content\/uploads\/2022\/08\/1-Sommerfest-Spielbank-Bad-Steben-Lichtplanung-plus.de-13-768x432.jpg 768w, https:\/\/lichtplanung-plus.de\/wp-content\/uploads\/2022\/08\/1-Sommerfest-Spielbank-Bad-Steben-Lichtplanung-plus.de-13.jpg 1365w\" sizes=\"auto, (max-width: 767px) 89vw, (max-width: 1000px) 54vw, (max-width: 1071px) 543px, 580px\" \/><\/figure>\n\n\n\n<figure class=\"wp-block-image size-large\"><img loading=\"lazy\" decoding=\"async\" width=\"1024\" height=\"576\" data-id=\"1341\" src=\"https:\/\/lichtplanung-plus.de\/wp-content\/uploads\/2022\/08\/2-Sommerfest-Spielbank-Bad-Steben-Lichtplanung-plus.de-6-1024x576.jpg\" alt=\"\" class=\"wp-image-1341\" srcset=\"https:\/\/lichtplanung-plus.de\/wp-content\/uploads\/2022\/08\/2-Sommerfest-Spielbank-Bad-Steben-Lichtplanung-plus.de-6-1024x576.jpg 1024w, https:\/\/lichtplanung-plus.de\/wp-content\/uploads\/2022\/08\/2-Sommerfest-Spielbank-Bad-Steben-Lichtplanung-plus.de-6-300x169.jpg 300w, https:\/\/lichtplanung-plus.de\/wp-content\/uploads\/2022\/08\/2-Sommerfest-Spielbank-Bad-Steben-Lichtplanung-plus.de-6-768x432.jpg 768w, https:\/\/lichtplanung-plus.de\/wp-content\/uploads\/2022\/08\/2-Sommerfest-Spielbank-Bad-Steben-Lichtplanung-plus.de-6.jpg 1365w\" sizes=\"auto, (max-width: 767px) 89vw, (max-width: 1000px) 54vw, (max-width: 1071px) 543px, 580px\" \/><\/figure>\n\n\n\n<figure class=\"wp-block-image size-large\"><img loading=\"lazy\" decoding=\"async\" width=\"1024\" height=\"576\" data-id=\"1339\" src=\"https:\/\/lichtplanung-plus.de\/wp-content\/uploads\/2022\/08\/3-aSommerfest-Spielbank-Bad-Steben-Lichtplanung-plus.de-4-1024x576.jpg\" alt=\"\" class=\"wp-image-1339\" srcset=\"https:\/\/lichtplanung-plus.de\/wp-content\/uploads\/2022\/08\/3-aSommerfest-Spielbank-Bad-Steben-Lichtplanung-plus.de-4-1024x576.jpg 1024w, https:\/\/lichtplanung-plus.de\/wp-content\/uploads\/2022\/08\/3-aSommerfest-Spielbank-Bad-Steben-Lichtplanung-plus.de-4-300x169.jpg 300w, https:\/\/lichtplanung-plus.de\/wp-content\/uploads\/2022\/08\/3-aSommerfest-Spielbank-Bad-Steben-Lichtplanung-plus.de-4-768x432.jpg 768w, https:\/\/lichtplanung-plus.de\/wp-content\/uploads\/2022\/08\/3-aSommerfest-Spielbank-Bad-Steben-Lichtplanung-plus.de-4.jpg 1365w\" sizes=\"auto, (max-width: 767px) 89vw, (max-width: 1000px) 54vw, (max-width: 1071px) 543px, 580px\" \/><\/figure>\n\n\n\n<figure class=\"wp-block-image size-large\"><img loading=\"lazy\" decoding=\"async\" width=\"576\" height=\"1024\" data-id=\"1336\" src=\"https:\/\/lichtplanung-plus.de\/wp-content\/uploads\/2022\/08\/3-Sommerfest-Spielbank-Bad-Steben-Lichtplanung-plus.de-10-576x1024.jpg\" alt=\"\" class=\"wp-image-1336\" srcset=\"https:\/\/lichtplanung-plus.de\/wp-content\/uploads\/2022\/08\/3-Sommerfest-Spielbank-Bad-Steben-Lichtplanung-plus.de-10-576x1024.jpg 576w, https:\/\/lichtplanung-plus.de\/wp-content\/uploads\/2022\/08\/3-Sommerfest-Spielbank-Bad-Steben-Lichtplanung-plus.de-10-169x300.jpg 169w, https:\/\/lichtplanung-plus.de\/wp-content\/uploads\/2022\/08\/3-Sommerfest-Spielbank-Bad-Steben-Lichtplanung-plus.de-10.jpg 768w\" sizes=\"auto, (max-width: 576px) 100vw, 576px\" \/><\/figure>\n\n\n\n<figure class=\"wp-block-image size-large\"><img loading=\"lazy\" decoding=\"async\" width=\"1024\" height=\"576\" data-id=\"1340\" src=\"https:\/\/lichtplanung-plus.de\/wp-content\/uploads\/2022\/08\/4-Sommerfest-Spielbank-Bad-Steben-Lichtplanung-plus.de-12-1024x576.jpg\" alt=\"\" class=\"wp-image-1340\" srcset=\"https:\/\/lichtplanung-plus.de\/wp-content\/uploads\/2022\/08\/4-Sommerfest-Spielbank-Bad-Steben-Lichtplanung-plus.de-12-1024x576.jpg 1024w, https:\/\/lichtplanung-plus.de\/wp-content\/uploads\/2022\/08\/4-Sommerfest-Spielbank-Bad-Steben-Lichtplanung-plus.de-12-300x169.jpg 300w, https:\/\/lichtplanung-plus.de\/wp-content\/uploads\/2022\/08\/4-Sommerfest-Spielbank-Bad-Steben-Lichtplanung-plus.de-12-768x432.jpg 768w, https:\/\/lichtplanung-plus.de\/wp-content\/uploads\/2022\/08\/4-Sommerfest-Spielbank-Bad-Steben-Lichtplanung-plus.de-12.jpg 1365w\" sizes=\"auto, (max-width: 767px) 89vw, (max-width: 1000px) 54vw, (max-width: 1071px) 543px, 580px\" \/><\/figure>\n\n\n\n<figure class=\"wp-block-image size-large\"><img loading=\"lazy\" decoding=\"async\" width=\"576\" height=\"1024\" data-id=\"1338\" src=\"https:\/\/lichtplanung-plus.de\/wp-content\/uploads\/2022\/08\/5-Sommerfest-Spielbank-Bad-Steben-Lichtplanung-plus.de-2-576x1024.jpg\" alt=\"\" class=\"wp-image-1338\" srcset=\"https:\/\/lichtplanung-plus.de\/wp-content\/uploads\/2022\/08\/5-Sommerfest-Spielbank-Bad-Steben-Lichtplanung-plus.de-2-576x1024.jpg 576w, https:\/\/lichtplanung-plus.de\/wp-content\/uploads\/2022\/08\/5-Sommerfest-Spielbank-Bad-Steben-Lichtplanung-plus.de-2-169x300.jpg 169w, https:\/\/lichtplanung-plus.de\/wp-content\/uploads\/2022\/08\/5-Sommerfest-Spielbank-Bad-Steben-Lichtplanung-plus.de-2.jpg 768w\" sizes=\"auto, (max-width: 576px) 100vw, 576px\" \/><\/figure>\n\n\n\n<figure class=\"wp-block-image size-large\"><img loading=\"lazy\" decoding=\"async\" width=\"1024\" height=\"576\" data-id=\"1342\" src=\"https:\/\/lichtplanung-plus.de\/wp-content\/uploads\/2022\/08\/6-Sommerfest-Spielbank-Bad-Steben-Lichtplanung-plus.de-3-1024x576.jpg\" alt=\"\" class=\"wp-image-1342\" srcset=\"https:\/\/lichtplanung-plus.de\/wp-content\/uploads\/2022\/08\/6-Sommerfest-Spielbank-Bad-Steben-Lichtplanung-plus.de-3-1024x576.jpg 1024w, https:\/\/lichtplanung-plus.de\/wp-content\/uploads\/2022\/08\/6-Sommerfest-Spielbank-Bad-Steben-Lichtplanung-plus.de-3-300x169.jpg 300w, https:\/\/lichtplanung-plus.de\/wp-content\/uploads\/2022\/08\/6-Sommerfest-Spielbank-Bad-Steben-Lichtplanung-plus.de-3-768x432.jpg 768w, https:\/\/lichtplanung-plus.de\/wp-content\/uploads\/2022\/08\/6-Sommerfest-Spielbank-Bad-Steben-Lichtplanung-plus.de-3.jpg 1365w\" sizes=\"auto, (max-width: 767px) 89vw, (max-width: 1000px) 54vw, (max-width: 1071px) 543px, 580px\" \/><\/figure>\n\n\n\n<figure class=\"wp-block-image size-large\"><img loading=\"lazy\" decoding=\"async\" width=\"1024\" height=\"576\" data-id=\"1333\" src=\"https:\/\/lichtplanung-plus.de\/wp-content\/uploads\/2022\/08\/7Sommerfest-Spielbank-Bad-Steben-Lichtplanung-plus.de-14-1024x576.jpg\" alt=\"\" class=\"wp-image-1333\" srcset=\"https:\/\/lichtplanung-plus.de\/wp-content\/uploads\/2022\/08\/7Sommerfest-Spielbank-Bad-Steben-Lichtplanung-plus.de-14-1024x576.jpg 1024w, https:\/\/lichtplanung-plus.de\/wp-content\/uploads\/2022\/08\/7Sommerfest-Spielbank-Bad-Steben-Lichtplanung-plus.de-14-300x169.jpg 300w, https:\/\/lichtplanung-plus.de\/wp-content\/uploads\/2022\/08\/7Sommerfest-Spielbank-Bad-Steben-Lichtplanung-plus.de-14-768x432.jpg 768w, https:\/\/lichtplanung-plus.de\/wp-content\/uploads\/2022\/08\/7Sommerfest-Spielbank-Bad-Steben-Lichtplanung-plus.de-14.jpg 1365w\" sizes=\"auto, (max-width: 767px) 89vw, (max-width: 1000px) 54vw, (max-width: 1071px) 543px, 580px\" \/><\/figure>\n\n\n\n<figure class=\"wp-block-image size-large\"><img loading=\"lazy\" decoding=\"async\" width=\"1024\" height=\"576\" data-id=\"1334\" src=\"https:\/\/lichtplanung-plus.de\/wp-content\/uploads\/2022\/08\/8-Sommerfest-Spielbank-Bad-Steben-Lichtplanung-plus.de-15-1024x576.jpg\" alt=\"\" class=\"wp-image-1334\" srcset=\"https:\/\/lichtplanung-plus.de\/wp-content\/uploads\/2022\/08\/8-Sommerfest-Spielbank-Bad-Steben-Lichtplanung-plus.de-15-1024x576.jpg 1024w, https:\/\/lichtplanung-plus.de\/wp-content\/uploads\/2022\/08\/8-Sommerfest-Spielbank-Bad-Steben-Lichtplanung-plus.de-15-300x169.jpg 300w, https:\/\/lichtplanung-plus.de\/wp-content\/uploads\/2022\/08\/8-Sommerfest-Spielbank-Bad-Steben-Lichtplanung-plus.de-15-768x432.jpg 768w, https:\/\/lichtplanung-plus.de\/wp-content\/uploads\/2022\/08\/8-Sommerfest-Spielbank-Bad-Steben-Lichtplanung-plus.de-15.jpg 1365w\" sizes=\"auto, (max-width: 767px) 89vw, (max-width: 1000px) 54vw, (max-width: 1071px) 543px, 580px\" \/><\/figure>\n<\/figure>\n\n\n\n<figure class=\"wp-block-embed is-type-video is-provider-youtube wp-block-embed-youtube wp-embed-aspect-16-9 wp-has-aspect-ratio\"><div class=\"wp-block-embed__wrapper\">\n<iframe loading=\"lazy\" hcb-fetch-image-from=\"https:\/\/youtu.be\/KsdbMXDGSOo\" title=\"Bienenschwarm\" width=\"525\" height=\"295\" src=\"https:\/\/www.youtube.com\/embed\/KsdbMXDGSOo?feature=oembed\" frameborder=\"0\" allow=\"accelerometer; autoplay; clipboard-write; encrypted-media; gyroscope; picture-in-picture; web-share\" referrerpolicy=\"strict-origin-when-cross-origin\" allowfullscreen><\/iframe>\n<\/div><\/figure>\n","protected":false},"excerpt":{"rendered":"<p>Gl\u00fcck kann jeder gebrauchen und wir brachten den leuchtenden Gl\u00fccksklee zum Sommerfest der Spielbank Bad Steben mit. Der Joker sa\u00df auf der Wiese und wurde eifrig als Selfie Point genutzt. Weitere Lichtpunkte wie der Bienenschwarm oder die Quallen setzten Akzente, umrahmt von einer malerischen Hintergrundbeleuchtung. In Kooperation mit Frank Wunderratsch entstanden die \u00fcberdimensionalen Spielkarten \u201eBube, &hellip; <\/p>\n<p class=\"link-more\"><a href=\"https:\/\/lichtplanung-plus.de\/?p=1325\" class=\"more-link\"><span class=\"screen-reader-text\">\u201eSommerfest Spielbank Bad Steben\u201c<\/span> weiterlesen<\/a><\/p>\n","protected":false},"author":1,"featured_media":0,"comment_status":"open","ping_status":"open","sticky":false,"template":"","format":"standard","meta":{"footnotes":""},"categories":[17],"tags":[4,154,162,157,164,141,20,163,156,139,138,142,9,155,159,12,6,2,161,10,145,136,150,152,158,160,140],"class_list":["post-1325","post","type-post","status-publish","format-standard","hentry","category-lichtkunst","tag-architekturbeleuchtung","tag-badtseben","tag-beleuchtungstechnik","tag-deko","tag-event","tag-eventbeleuchtung","tag-festival","tag-festivalbeleuchtung","tag-firmenfeier","tag-geburtstag","tag-hochzeit","tag-hochzeitsbeleuchtung","tag-illumination","tag-jubilaeum","tag-led","tag-lichtkunst","tag-lichtmasterplan","tag-lichtplanung","tag-lichttechnik","tag-lighting-design","tag-party","tag-partybeleuchtung","tag-sommerfest","tag-spielbank","tag-trumhochzeit","tag-veranstaltungstechnik","tag-vereinsfest"],"_links":{"self":[{"href":"https:\/\/lichtplanung-plus.de\/index.php?rest_route=\/wp\/v2\/posts\/1325","targetHints":{"allow":["GET"]}}],"collection":[{"href":"https:\/\/lichtplanung-plus.de\/index.php?rest_route=\/wp\/v2\/posts"}],"about":[{"href":"https:\/\/lichtplanung-plus.de\/index.php?rest_route=\/wp\/v2\/types\/post"}],"author":[{"embeddable":true,"href":"https:\/\/lichtplanung-plus.de\/index.php?rest_route=\/wp\/v2\/users\/1"}],"replies":[{"embeddable":true,"href":"https:\/\/lichtplanung-plus.de\/index.php?rest_route=%2Fwp%2Fv2%2Fcomments&post=1325"}],"version-history":[{"count":1,"href":"https:\/\/lichtplanung-plus.de\/index.php?rest_route=\/wp\/v2\/posts\/1325\/revisions"}],"predecessor-version":[{"id":1343,"href":"https:\/\/lichtplanung-plus.de\/index.php?rest_route=\/wp\/v2\/posts\/1325\/revisions\/1343"}],"wp:attachment":[{"href":"https:\/\/lichtplanung-plus.de\/index.php?rest_route=%2Fwp%2Fv2%2Fmedia&parent=1325"}],"wp:term":[{"taxonomy":"category","embeddable":true,"href":"https:\/\/lichtplanung-plus.de\/index.php?rest_route=%2Fwp%2Fv2%2Fcategories&post=1325"},{"taxonomy":"post_tag","embeddable":true,"href":"https:\/\/lichtplanung-plus.de\/index.php?rest_route=%2Fwp%2Fv2%2Ftags&post=1325"}],"curies":[{"name":"wp","href":"https:\/\/api.w.org\/{rel}","templated":true}]}}