{"id":119,"date":"2017-09-03T09:06:45","date_gmt":"2017-09-03T09:06:45","guid":{"rendered":"http:\/\/lichtplanung-plus.de\/?p=119"},"modified":"2017-09-03T09:06:45","modified_gmt":"2017-09-03T09:06:45","slug":"wartenfels-im-neuen-licht","status":"publish","type":"post","link":"https:\/\/lichtplanung-plus.de\/?p=119","title":{"rendered":"Wartenfels im neuen Licht"},"content":{"rendered":"<p>Zum 150j\u00e4hrigen Jubil\u00e4um der\u00a0Sankt-Bartholom\u00e4us-<em>Kirche Wartenfels durften wir einen<\/em> <em>Beitrag leisten. Von Weitem kann man das Wahrzeichen,<\/em>\u00a0<em>die<\/em> Traischelkapelle \u2013 und das Kreuz auf der Kirchturmspitze, bereits erkennen. Jetzt strahlen beide zum ehrw\u00fcrdigen Anlass gemeinsam nachts im neuen Licht.<\/p>\n<p>Vom 03.09. \u2013 17.09. ist die Architektur- und Naturbeleuchtung jeweils von 20.00 bis 23.00 Uhr zu sehen.<\/p>\n<p>Erste Bilder:<\/p>\n<p><img loading=\"lazy\" decoding=\"async\" class=\"alignnone size-medium wp-image-122\" src=\"https:\/\/lichtplanung-plus.de\/wp-content\/uploads\/2017\/09\/DSC_3585-300x199.jpg\" alt=\"\" width=\"300\" height=\"199\" srcset=\"https:\/\/lichtplanung-plus.de\/wp-content\/uploads\/2017\/09\/DSC_3585-300x199.jpg 300w, https:\/\/lichtplanung-plus.de\/wp-content\/uploads\/2017\/09\/DSC_3585-768x510.jpg 768w, https:\/\/lichtplanung-plus.de\/wp-content\/uploads\/2017\/09\/DSC_3585-1024x680.jpg 1024w\" sizes=\"auto, (max-width: 300px) 100vw, 300px\" \/><\/p>\n<p>Ein besonderer Anblick\/Ausblick ist von der Traischelkappel aus auf die hochwertig beleuchtete Sankt-Bartholom\u00e4us-<em>Kirche.<\/em> <em>Die Beleuchtung gliedert sich in nat\u00fcrlichen Wei\u00dft\u00f6nen und dezent gesetzten Farben, die das Konzept abrunden.<\/em><\/p>\n<p>Blick vorab:<\/p>\n<p><img loading=\"lazy\" decoding=\"async\" class=\"alignnone size-medium wp-image-121\" src=\"https:\/\/lichtplanung-plus.de\/wp-content\/uploads\/2017\/09\/20170831-DSC_3596-300x199.jpg\" alt=\"\" width=\"300\" height=\"199\" srcset=\"https:\/\/lichtplanung-plus.de\/wp-content\/uploads\/2017\/09\/20170831-DSC_3596-300x199.jpg 300w, https:\/\/lichtplanung-plus.de\/wp-content\/uploads\/2017\/09\/20170831-DSC_3596-768x510.jpg 768w, https:\/\/lichtplanung-plus.de\/wp-content\/uploads\/2017\/09\/20170831-DSC_3596-1024x680.jpg 1024w\" sizes=\"auto, (max-width: 300px) 100vw, 300px\" \/><\/p>\n<p><em>Dieses kann sp\u00e4ter auch in eine Festinstallation umgesetzt werden. <\/em><\/p>\n<p>Klaus Metzler und Markus Stirn von Lichtplanung+ haben das Konzept erarbeitet und die beiden Geb\u00e4ude illuminiert.<\/p>\n<p><img loading=\"lazy\" decoding=\"async\" class=\"alignnone size-medium wp-image-123\" src=\"https:\/\/lichtplanung-plus.de\/wp-content\/uploads\/2017\/09\/DSC_3573-2-300x199.jpg\" alt=\"\" width=\"300\" height=\"199\" srcset=\"https:\/\/lichtplanung-plus.de\/wp-content\/uploads\/2017\/09\/DSC_3573-2-300x199.jpg 300w, https:\/\/lichtplanung-plus.de\/wp-content\/uploads\/2017\/09\/DSC_3573-2-768x510.jpg 768w, https:\/\/lichtplanung-plus.de\/wp-content\/uploads\/2017\/09\/DSC_3573-2-1024x680.jpg 1024w\" sizes=\"auto, (max-width: 300px) 100vw, 300px\" \/><\/p>\n<p>#Kirchenjubil\u00e4um #Fassadenillumination #Architekturbeleuchtung #Kirchweih #Lichtkonzept #Masterplan # landmark #<em>lighting design #<\/em>Lichtmasterplan #Markus Stirn #Lichtplanung #Klaus Metzler #Naturbeleuchtung #Wartenfels # Sankt-Bartholom\u00e4us-<em>Kirche #<\/em> Traischelkapelle #Lichtkunst #Wohlf\u00fchlen #Aspekte der Beleuchtung #\u00f6ffentlicher Raum<\/p>\n<p>&nbsp;<\/p>\n<p>Fotos: Klaus Metzler<\/p>\n","protected":false},"excerpt":{"rendered":"<p>Zum 150j\u00e4hrigen Jubil\u00e4um der\u00a0Sankt-Bartholom\u00e4us-Kirche Wartenfels durften wir einen Beitrag leisten. Von Weitem kann man das Wahrzeichen,\u00a0die Traischelkapelle \u2013 und das Kreuz auf der Kirchturmspitze, bereits erkennen. Jetzt strahlen beide zum ehrw\u00fcrdigen Anlass gemeinsam nachts im neuen Licht. Vom 03.09. \u2013 17.09. ist die Architektur- und Naturbeleuchtung jeweils von 20.00 bis 23.00 Uhr zu sehen. Erste &hellip; <\/p>\n<p class=\"link-more\"><a href=\"https:\/\/lichtplanung-plus.de\/?p=119\" class=\"more-link\"><span class=\"screen-reader-text\">\u201eWartenfels im neuen Licht\u201c<\/span> weiterlesen<\/a><\/p>\n","protected":false},"author":1,"featured_media":121,"comment_status":"open","ping_status":"open","sticky":false,"template":"","format":"standard","meta":{"footnotes":""},"categories":[1],"tags":[4,5,9,3,14,8,12,6,2,10,7,11,13],"class_list":["post-119","post","type-post","status-publish","format-standard","has-post-thumbnail","hentry","category-uncategorized","tag-architekturbeleuchtung","tag-fassadenbeleuchtung","tag-illumination","tag-kirchenjubilaeum","tag-landmark","tag-licht","tag-lichtkunst","tag-lichtmasterplan","tag-lichtplanung","tag-lighting-design","tag-masterplan","tag-oeffentlicher-raum","tag-wohlfuehlen"],"_links":{"self":[{"href":"https:\/\/lichtplanung-plus.de\/index.php?rest_route=\/wp\/v2\/posts\/119","targetHints":{"allow":["GET"]}}],"collection":[{"href":"https:\/\/lichtplanung-plus.de\/index.php?rest_route=\/wp\/v2\/posts"}],"about":[{"href":"https:\/\/lichtplanung-plus.de\/index.php?rest_route=\/wp\/v2\/types\/post"}],"author":[{"embeddable":true,"href":"https:\/\/lichtplanung-plus.de\/index.php?rest_route=\/wp\/v2\/users\/1"}],"replies":[{"embeddable":true,"href":"https:\/\/lichtplanung-plus.de\/index.php?rest_route=%2Fwp%2Fv2%2Fcomments&post=119"}],"version-history":[{"count":3,"href":"https:\/\/lichtplanung-plus.de\/index.php?rest_route=\/wp\/v2\/posts\/119\/revisions"}],"predecessor-version":[{"id":126,"href":"https:\/\/lichtplanung-plus.de\/index.php?rest_route=\/wp\/v2\/posts\/119\/revisions\/126"}],"wp:featuredmedia":[{"embeddable":true,"href":"https:\/\/lichtplanung-plus.de\/index.php?rest_route=\/wp\/v2\/media\/121"}],"wp:attachment":[{"href":"https:\/\/lichtplanung-plus.de\/index.php?rest_route=%2Fwp%2Fv2%2Fmedia&parent=119"}],"wp:term":[{"taxonomy":"category","embeddable":true,"href":"https:\/\/lichtplanung-plus.de\/index.php?rest_route=%2Fwp%2Fv2%2Fcategories&post=119"},{"taxonomy":"post_tag","embeddable":true,"href":"https:\/\/lichtplanung-plus.de\/index.php?rest_route=%2Fwp%2Fv2%2Ftags&post=119"}],"curies":[{"name":"wp","href":"https:\/\/api.w.org\/{rel}","templated":true}]}}